{"id":3520,"date":"2020-09-21T10:17:46","date_gmt":"2020-09-21T08:17:46","guid":{"rendered":"https:\/\/www.canrayo.com\/?p=3520"},"modified":"2022-06-06T17:11:19","modified_gmt":"2022-06-06T15:11:19","slug":"exposicion-nacional-e-internacional-de-odena-barcelona-2020","status":"publish","type":"post","link":"https:\/\/www.canrayo.com\/ca\/exposicion-nacional-e-internacional-de-odena-barcelona-2020\/","title":{"rendered":"Exposici\u00f3n nacional e internacional de \u00d2dena (Barcelona) 2020"},"content":{"rendered":"<p>&#x1f525;&#x1f525;&#x1f525;&#x1f525; CAN RAYO ha vuelto &#x1f525;&#x1f525;&#x1f525;&#x1f525;<\/p>\n<p>Nuestros schnauzers de Can Rayo han conseguido grandes resultados en la exposici\u00f3n doble de \u00d2dena:<\/p>\n<h1>Exposici\u00f3n nacional 19\/09\/20<\/h1>\n<h3>Epi de Can Rayo<\/h3>\n<p>Clase intermedia: EXC1 &#8211; <strong>CAC &#x1f3c6;&#x1f947;&#x1f51d;<\/strong><\/p>\n<p><img loading=\"lazy\" decoding=\"async\" class=\"aligncenter size-medium wp-image-3529\" src=\"https:\/\/www.canrayo.com\/wp-content\/uploads\/2020\/09\/Epi-de-Can-Rayo-en-Odena-Barcelona-2020-586x600.jpeg\" alt=\"\" width=\"586\" height=\"600\" srcset=\"https:\/\/www.canrayo.com\/wp-content\/uploads\/2020\/09\/Epi-de-Can-Rayo-en-Odena-Barcelona-2020-586x600.jpeg 586w, https:\/\/www.canrayo.com\/wp-content\/uploads\/2020\/09\/Epi-de-Can-Rayo-en-Odena-Barcelona-2020-1000x1024.jpeg 1000w, https:\/\/www.canrayo.com\/wp-content\/uploads\/2020\/09\/Epi-de-Can-Rayo-en-Odena-Barcelona-2020-768x786.jpeg 768w, https:\/\/www.canrayo.com\/wp-content\/uploads\/2020\/09\/Epi-de-Can-Rayo-en-Odena-Barcelona-2020-1500x1536.jpeg 1500w, https:\/\/www.canrayo.com\/wp-content\/uploads\/2020\/09\/Epi-de-Can-Rayo-en-Odena-Barcelona-2020-147x150.jpeg 147w, https:\/\/www.canrayo.com\/wp-content\/uploads\/2020\/09\/Epi-de-Can-Rayo-en-Odena-Barcelona-2020.jpeg 1552w\" sizes=\"auto, (max-width: 586px) 100vw, 586px\" \/><\/p>\n<h3>Janet Jackson de Can Rayo<\/h3>\n<p>Clase joven: EXC1 &#8211; <strong>CCJ &#x1f3c6;&#x1f947;&#x1f51d;<\/strong><\/p>\n<p><img loading=\"lazy\" decoding=\"async\" class=\"aligncenter size-medium wp-image-3531\" src=\"https:\/\/www.canrayo.com\/wp-content\/uploads\/2020\/09\/Janet-de-Can-Rayo-en-Odena-Barcelona-2020-493x600.jpeg\" alt=\"\" width=\"493\" height=\"600\" srcset=\"https:\/\/www.canrayo.com\/wp-content\/uploads\/2020\/09\/Janet-de-Can-Rayo-en-Odena-Barcelona-2020-493x600.jpeg 493w, https:\/\/www.canrayo.com\/wp-content\/uploads\/2020\/09\/Janet-de-Can-Rayo-en-Odena-Barcelona-2020-842x1024.jpeg 842w, https:\/\/www.canrayo.com\/wp-content\/uploads\/2020\/09\/Janet-de-Can-Rayo-en-Odena-Barcelona-2020-768x934.jpeg 768w, https:\/\/www.canrayo.com\/wp-content\/uploads\/2020\/09\/Janet-de-Can-Rayo-en-Odena-Barcelona-2020-1262x1536.jpeg 1262w, https:\/\/www.canrayo.com\/wp-content\/uploads\/2020\/09\/Janet-de-Can-Rayo-en-Odena-Barcelona-2020-123x150.jpeg 123w, https:\/\/www.canrayo.com\/wp-content\/uploads\/2020\/09\/Janet-de-Can-Rayo-en-Odena-Barcelona-2020.jpeg 1315w\" sizes=\"auto, (max-width: 493px) 100vw, 493px\" \/><\/p>\n<h1>Exposici\u00f3n internacional 20\/09\/20<\/h1>\n<h3>Epi de Can Rayo<\/h3>\n<p>Clase intermedia: EXC1 &#8211; <strong>CAC<\/strong> &#8211; <strong>CACIB<\/strong> &#8211; <strong>MEJOR MACHO &#x1f3c6;&#x1f947;&#x1f51d;<\/strong><\/p>\n<p><img loading=\"lazy\" decoding=\"async\" class=\"aligncenter size-medium wp-image-3528\" src=\"https:\/\/www.canrayo.com\/wp-content\/uploads\/2020\/09\/Epi-de-Can-Rayo-en-Odena-Barcelona-2020-podium-427x600.jpeg\" alt=\"\" width=\"427\" height=\"600\" srcset=\"https:\/\/www.canrayo.com\/wp-content\/uploads\/2020\/09\/Epi-de-Can-Rayo-en-Odena-Barcelona-2020-podium-427x600.jpeg 427w, https:\/\/www.canrayo.com\/wp-content\/uploads\/2020\/09\/Epi-de-Can-Rayo-en-Odena-Barcelona-2020-podium-728x1024.jpeg 728w, https:\/\/www.canrayo.com\/wp-content\/uploads\/2020\/09\/Epi-de-Can-Rayo-en-Odena-Barcelona-2020-podium-768x1080.jpeg 768w, https:\/\/www.canrayo.com\/wp-content\/uploads\/2020\/09\/Epi-de-Can-Rayo-en-Odena-Barcelona-2020-podium-1092x1536.jpeg 1092w, https:\/\/www.canrayo.com\/wp-content\/uploads\/2020\/09\/Epi-de-Can-Rayo-en-Odena-Barcelona-2020-podium-107x150.jpeg 107w, https:\/\/www.canrayo.com\/wp-content\/uploads\/2020\/09\/Epi-de-Can-Rayo-en-Odena-Barcelona-2020-podium.jpeg 1138w\" sizes=\"auto, (max-width: 427px) 100vw, 427px\" \/><\/p>\n<h3>Janet Jackson de Can Rayo<\/h3>\n<p>Clase joven: EXC1 &#8211; <strong>CCJ &#x1f3c6;&#x1f947;&#x1f51d;<\/strong><\/p>\n<p><img loading=\"lazy\" decoding=\"async\" class=\"aligncenter size-medium wp-image-3530\" src=\"https:\/\/www.canrayo.com\/wp-content\/uploads\/2020\/09\/Janet-de-Can-Rayo-en-Odena-Barcelona-2020-primer-plano-535x600.jpeg\" alt=\"\" width=\"535\" height=\"600\" srcset=\"https:\/\/www.canrayo.com\/wp-content\/uploads\/2020\/09\/Janet-de-Can-Rayo-en-Odena-Barcelona-2020-primer-plano-535x600.jpeg 535w, https:\/\/www.canrayo.com\/wp-content\/uploads\/2020\/09\/Janet-de-Can-Rayo-en-Odena-Barcelona-2020-primer-plano-913x1024.jpeg 913w, https:\/\/www.canrayo.com\/wp-content\/uploads\/2020\/09\/Janet-de-Can-Rayo-en-Odena-Barcelona-2020-primer-plano-768x861.jpeg 768w, https:\/\/www.canrayo.com\/wp-content\/uploads\/2020\/09\/Janet-de-Can-Rayo-en-Odena-Barcelona-2020-primer-plano-1370x1536.jpeg 1370w, https:\/\/www.canrayo.com\/wp-content\/uploads\/2020\/09\/Janet-de-Can-Rayo-en-Odena-Barcelona-2020-primer-plano-134x150.jpeg 134w, https:\/\/www.canrayo.com\/wp-content\/uploads\/2020\/09\/Janet-de-Can-Rayo-en-Odena-Barcelona-2020-primer-plano.jpeg 1427w\" sizes=\"auto, (max-width: 535px) 100vw, 535px\" \/><\/p>\n<p>Gracias a los jueces D. Alex Palacin &#038; D. Juan Carlos Rosas por sus comentrarios y juicios durante este fin de semana.<\/p>\n<p>\u00a1Gracias a todo nuestro equipo Can Rayo Schnauzer!<br \/>\nMaite Garc\u00eda Rico eres la mejor &#x1f618;<br \/>\nGracias a Olga Camarena por estar siempre ah\u00ed &#x1f618;<\/p>\n<p>Estamos muy contentos con los resultados de nuestros perros. Lo han hecho muy bien despu\u00e9s de tanto tiempo &#x1f637;<\/p>\n","protected":false},"excerpt":{"rendered":"<p>&#x1f525;&#x1f525;&#x1f525;&#x1f525; CAN RAYO ha vuelto &#x1f525;&#x1f525;&#x1f525;&#x1f525; Nuestros schnauzers de Can Rayo han conseguido grandes resultados en la exposici\u00f3n doble de \u00d2dena: Exposici\u00f3n nacional 19\/09\/20 Epi de Can Rayo Clase intermedia: EXC1 &#8211; CAC &#x1f3c6;&#x1f947;&#x1f51d; Janet Jackson de Can Rayo Clase joven: EXC1 &#8211; CCJ &#x1f3c6;&#x1f947;&#x1f51d; Exposici\u00f3n internacional 20\/09\/20 Epi de [&hellip;]<\/p>\n","protected":false},"author":2,"featured_media":0,"comment_status":"closed","ping_status":"closed","sticky":false,"template":"","format":"standard","meta":{"footnotes":""},"categories":[2],"tags":[37,45],"class_list":["post-3520","post","type-post","status-publish","format-standard","hentry","category-exposiciones","tag-epi-de-can-rayo","tag-janet-jackson-de-can-rayo"],"yoast_head":"<!-- This site is optimized with the Yoast SEO plugin v27.4 - https:\/\/yoast.com\/product\/yoast-seo-wordpress\/ -->\n<title>Exposici\u00f3n nacional e internacional de \u00d2dena (Barcelona) 2020<\/title>\n<meta name=\"robots\" content=\"index, follow, max-snippet:-1, max-image-preview:large, max-video-preview:-1\" \/>\n<link rel=\"canonical\" href=\"https:\/\/www.canrayo.com\/ca\/exposicion-nacional-e-internacional-de-odena-barcelona-2020\/\" \/>\n<meta property=\"og:locale\" content=\"es_ES\" \/>\n<meta property=\"og:locale:alternate\" content=\"en_US\" \/>\n<meta property=\"og:locale:alternate\" content=\"es_ES\" \/>\n<meta property=\"og:type\" content=\"article\" \/>\n<meta property=\"og:title\" content=\"Exposici\u00f3n nacional e internacional de \u00d2dena (Barcelona) 2020\" \/>\n<meta property=\"og:description\" content=\"&#x1f525;&#x1f525;&#x1f525;&#x1f525; CAN RAYO ha vuelto &#x1f525;&#x1f525;&#x1f525;&#x1f525; Nuestros schnauzers de Can Rayo han conseguido grandes resultados en la exposici\u00f3n doble de \u00d2dena: Exposici\u00f3n nacional 19\/09\/20 Epi de Can Rayo Clase intermedia: EXC1 &#8211; CAC &#x1f3c6;&#x1f947;&#x1f51d; Janet Jackson de Can Rayo Clase joven: EXC1 &#8211; CCJ &#x1f3c6;&#x1f947;&#x1f51d; Exposici\u00f3n internacional 20\/09\/20 Epi de [&hellip;]\" \/>\n<meta property=\"og:url\" content=\"https:\/\/www.canrayo.com\/ca\/exposicion-nacional-e-internacional-de-odena-barcelona-2020\/\" \/>\n<meta property=\"og:site_name\" content=\"Schnauzer Miniatura Negro de Can Rayo\" \/>\n<meta property=\"article:publisher\" content=\"https:\/\/www.facebook.com\/can.rayo\" \/>\n<meta property=\"article:published_time\" content=\"2020-09-21T08:17:46+00:00\" \/>\n<meta property=\"article:modified_time\" content=\"2022-06-06T15:11:19+00:00\" \/>\n<meta property=\"og:image\" content=\"https:\/\/www.canrayo.com\/wp-content\/uploads\/2020\/09\/Epi-de-Can-Rayo-en-Odena-Barcelona-2020-586x600.jpeg\" \/>\n<meta name=\"author\" content=\"Can Rayo Schnauzers\" \/>\n<meta name=\"twitter:card\" content=\"summary_large_image\" \/>\n<meta name=\"twitter:label1\" content=\"Written by\" \/>\n\t<meta name=\"twitter:data1\" content=\"Can Rayo Schnauzers\" \/>\n\t<meta name=\"twitter:label2\" content=\"Est. reading time\" \/>\n\t<meta name=\"twitter:data2\" content=\"2 minutes\" \/>\n<script type=\"application\/ld+json\" class=\"yoast-schema-graph\">{\"@context\":\"https:\\\/\\\/schema.org\",\"@graph\":[{\"@type\":\"Article\",\"@id\":\"https:\\\/\\\/www.canrayo.com\\\/exposicion-nacional-e-internacional-de-odena-barcelona-2020\\\/#article\",\"isPartOf\":{\"@id\":\"https:\\\/\\\/www.canrayo.com\\\/exposicion-nacional-e-internacional-de-odena-barcelona-2020\\\/\"},\"author\":{\"name\":\"Can Rayo Schnauzers\",\"@id\":\"https:\\\/\\\/www.canrayo.com\\\/#\\\/schema\\\/person\\\/1b4a74e3b8495fd7dffd736a8b8f1084\"},\"headline\":\"Exposici\u00f3n nacional e internacional de \u00d2dena (Barcelona) 2020\",\"datePublished\":\"2020-09-21T08:17:46+00:00\",\"dateModified\":\"2022-06-06T15:11:19+00:00\",\"mainEntityOfPage\":{\"@id\":\"https:\\\/\\\/www.canrayo.com\\\/exposicion-nacional-e-internacional-de-odena-barcelona-2020\\\/\"},\"wordCount\":380,\"publisher\":{\"@id\":\"https:\\\/\\\/www.canrayo.com\\\/#organization\"},\"image\":{\"@id\":\"https:\\\/\\\/www.canrayo.com\\\/exposicion-nacional-e-internacional-de-odena-barcelona-2020\\\/#primaryimage\"},\"thumbnailUrl\":\"https:\\\/\\\/www.canrayo.com\\\/wp-content\\\/uploads\\\/2020\\\/09\\\/Epi-de-Can-Rayo-en-Odena-Barcelona-2020-586x600.jpeg\",\"keywords\":[\"epi de can rayo\",\"janet jackson de can rayo\"],\"articleSection\":[\"Exposicions\"],\"inLanguage\":\"es-CA\"},{\"@type\":\"WebPage\",\"@id\":\"https:\\\/\\\/www.canrayo.com\\\/exposicion-nacional-e-internacional-de-odena-barcelona-2020\\\/\",\"url\":\"https:\\\/\\\/www.canrayo.com\\\/exposicion-nacional-e-internacional-de-odena-barcelona-2020\\\/\",\"name\":\"Exposici\u00f3n nacional e internacional de \u00d2dena (Barcelona) 2020\",\"isPartOf\":{\"@id\":\"https:\\\/\\\/www.canrayo.com\\\/#website\"},\"primaryImageOfPage\":{\"@id\":\"https:\\\/\\\/www.canrayo.com\\\/exposicion-nacional-e-internacional-de-odena-barcelona-2020\\\/#primaryimage\"},\"image\":{\"@id\":\"https:\\\/\\\/www.canrayo.com\\\/exposicion-nacional-e-internacional-de-odena-barcelona-2020\\\/#primaryimage\"},\"thumbnailUrl\":\"https:\\\/\\\/www.canrayo.com\\\/wp-content\\\/uploads\\\/2020\\\/09\\\/Epi-de-Can-Rayo-en-Odena-Barcelona-2020-586x600.jpeg\",\"datePublished\":\"2020-09-21T08:17:46+00:00\",\"dateModified\":\"2022-06-06T15:11:19+00:00\",\"breadcrumb\":{\"@id\":\"https:\\\/\\\/www.canrayo.com\\\/exposicion-nacional-e-internacional-de-odena-barcelona-2020\\\/#breadcrumb\"},\"inLanguage\":\"es-CA\",\"potentialAction\":[{\"@type\":\"ReadAction\",\"target\":[\"https:\\\/\\\/www.canrayo.com\\\/exposicion-nacional-e-internacional-de-odena-barcelona-2020\\\/\"]}]},{\"@type\":\"ImageObject\",\"inLanguage\":\"es-CA\",\"@id\":\"https:\\\/\\\/www.canrayo.com\\\/exposicion-nacional-e-internacional-de-odena-barcelona-2020\\\/#primaryimage\",\"url\":\"https:\\\/\\\/www.canrayo.com\\\/wp-content\\\/uploads\\\/2020\\\/09\\\/Epi-de-Can-Rayo-en-Odena-Barcelona-2020-586x600.jpeg\",\"contentUrl\":\"https:\\\/\\\/www.canrayo.com\\\/wp-content\\\/uploads\\\/2020\\\/09\\\/Epi-de-Can-Rayo-en-Odena-Barcelona-2020-586x600.jpeg\"},{\"@type\":\"BreadcrumbList\",\"@id\":\"https:\\\/\\\/www.canrayo.com\\\/exposicion-nacional-e-internacional-de-odena-barcelona-2020\\\/#breadcrumb\",\"itemListElement\":[{\"@type\":\"ListItem\",\"position\":1,\"name\":\"Portada\",\"item\":\"https:\\\/\\\/www.canrayo.com\\\/\"},{\"@type\":\"ListItem\",\"position\":2,\"name\":\"Exposici\u00f3n nacional e internacional de \u00d2dena (Barcelona) 2020\"}]},{\"@type\":\"WebSite\",\"@id\":\"https:\\\/\\\/www.canrayo.com\\\/#website\",\"url\":\"https:\\\/\\\/www.canrayo.com\\\/\",\"name\":\"Schnauzer Miniatura Negro de Can Rayo\",\"description\":\"Can Rayo. Criador de Schnauzer Miniatura Negro - Afijo RSCE 528 \u2013 FCI 30\\\/71\",\"publisher\":{\"@id\":\"https:\\\/\\\/www.canrayo.com\\\/#organization\"},\"potentialAction\":[{\"@type\":\"SearchAction\",\"target\":{\"@type\":\"EntryPoint\",\"urlTemplate\":\"https:\\\/\\\/www.canrayo.com\\\/?s={search_term_string}\"},\"query-input\":{\"@type\":\"PropertyValueSpecification\",\"valueRequired\":true,\"valueName\":\"search_term_string\"}}],\"inLanguage\":\"es-CA\"},{\"@type\":\"Organization\",\"@id\":\"https:\\\/\\\/www.canrayo.com\\\/#organization\",\"name\":\"Schnauzer Miniatura Negro de Can Rayo\",\"url\":\"https:\\\/\\\/www.canrayo.com\\\/\",\"logo\":{\"@type\":\"ImageObject\",\"inLanguage\":\"es-CA\",\"@id\":\"https:\\\/\\\/www.canrayo.com\\\/#\\\/schema\\\/logo\\\/image\\\/\",\"url\":\"https:\\\/\\\/www.canrayo.com\\\/wp-content\\\/uploads\\\/2022\\\/05\\\/logo-rojo-fondo-transparente.png\",\"contentUrl\":\"https:\\\/\\\/www.canrayo.com\\\/wp-content\\\/uploads\\\/2022\\\/05\\\/logo-rojo-fondo-transparente.png\",\"width\":2272,\"height\":494,\"caption\":\"Schnauzer Miniatura Negro de Can Rayo\"},\"image\":{\"@id\":\"https:\\\/\\\/www.canrayo.com\\\/#\\\/schema\\\/logo\\\/image\\\/\"},\"sameAs\":[\"https:\\\/\\\/www.facebook.com\\\/can.rayo\",\"https:\\\/\\\/www.instagram.com\\\/canrayo_schnauzer\"]},{\"@type\":\"Person\",\"@id\":\"https:\\\/\\\/www.canrayo.com\\\/#\\\/schema\\\/person\\\/1b4a74e3b8495fd7dffd736a8b8f1084\",\"name\":\"Can Rayo Schnauzers\",\"image\":{\"@type\":\"ImageObject\",\"inLanguage\":\"es-CA\",\"@id\":\"https:\\\/\\\/secure.gravatar.com\\\/avatar\\\/b4e544f806367aab77fc59c319cc281097b1c195e40ae946ca395e2bd88cc71c?s=96&d=mm&r=g\",\"url\":\"https:\\\/\\\/secure.gravatar.com\\\/avatar\\\/b4e544f806367aab77fc59c319cc281097b1c195e40ae946ca395e2bd88cc71c?s=96&d=mm&r=g\",\"contentUrl\":\"https:\\\/\\\/secure.gravatar.com\\\/avatar\\\/b4e544f806367aab77fc59c319cc281097b1c195e40ae946ca395e2bd88cc71c?s=96&d=mm&r=g\",\"caption\":\"Can Rayo Schnauzers\"},\"sameAs\":[\"http:\\\/\\\/www.canrayo.com\"],\"url\":\"https:\\\/\\\/www.canrayo.com\\\/ca\\\/author\\\/canrayo\\\/\"}]}<\/script>\n<!-- \/ Yoast SEO plugin. -->","yoast_head_json":{"title":"Exposici\u00f3n nacional e internacional de \u00d2dena (Barcelona) 2020","robots":{"index":"index","follow":"follow","max-snippet":"max-snippet:-1","max-image-preview":"max-image-preview:large","max-video-preview":"max-video-preview:-1"},"canonical":"https:\/\/www.canrayo.com\/ca\/exposicion-nacional-e-internacional-de-odena-barcelona-2020\/","og_locale":"es_ES","og_type":"article","og_title":"[:en]\u00d2dena (Barcelona) 2020 national & international Dog Show[:es]Exposici\u00f3n nacional e internacional de \u00d2dena (Barcelona) 2020[:] - Schnauzer Miniatura Negro de Can Rayo","og_description":"&#x1f525;&#x1f525;&#x1f525;&#x1f525; CAN RAYO ha vuelto &#x1f525;&#x1f525;&#x1f525;&#x1f525; Nuestros schnauzers de Can Rayo han conseguido grandes resultados en la exposici\u00f3n doble de \u00d2dena: Exposici\u00f3n nacional 19\/09\/20 Epi de Can Rayo Clase intermedia: EXC1 &#8211; CAC &#x1f3c6;&#x1f947;&#x1f51d; Janet Jackson de Can Rayo Clase joven: EXC1 &#8211; CCJ &#x1f3c6;&#x1f947;&#x1f51d; Exposici\u00f3n internacional 20\/09\/20 Epi de [&hellip;]","og_url":"https:\/\/www.canrayo.com\/ca\/exposicion-nacional-e-internacional-de-odena-barcelona-2020\/","og_site_name":"Schnauzer Miniatura Negro de Can Rayo","article_publisher":"https:\/\/www.facebook.com\/can.rayo","article_published_time":"2020-09-21T08:17:46+00:00","article_modified_time":"2022-06-06T15:11:19+00:00","og_image":[{"url":"https:\/\/www.canrayo.com\/wp-content\/uploads\/2020\/09\/Epi-de-Can-Rayo-en-Odena-Barcelona-2020-586x600.jpeg","type":"","width":"","height":""}],"author":"Can Rayo Schnauzers","twitter_card":"summary_large_image","twitter_misc":{"Written by":"Can Rayo Schnauzers","Est. reading time":"2 minutes"},"schema":{"@context":"https:\/\/schema.org","@graph":[{"@type":"Article","@id":"https:\/\/www.canrayo.com\/exposicion-nacional-e-internacional-de-odena-barcelona-2020\/#article","isPartOf":{"@id":"https:\/\/www.canrayo.com\/exposicion-nacional-e-internacional-de-odena-barcelona-2020\/"},"author":{"name":"Can Rayo Schnauzers","@id":"https:\/\/www.canrayo.com\/#\/schema\/person\/1b4a74e3b8495fd7dffd736a8b8f1084"},"headline":"Exposici\u00f3n nacional e internacional de \u00d2dena (Barcelona) 2020","datePublished":"2020-09-21T08:17:46+00:00","dateModified":"2022-06-06T15:11:19+00:00","mainEntityOfPage":{"@id":"https:\/\/www.canrayo.com\/exposicion-nacional-e-internacional-de-odena-barcelona-2020\/"},"wordCount":380,"publisher":{"@id":"https:\/\/www.canrayo.com\/#organization"},"image":{"@id":"https:\/\/www.canrayo.com\/exposicion-nacional-e-internacional-de-odena-barcelona-2020\/#primaryimage"},"thumbnailUrl":"https:\/\/www.canrayo.com\/wp-content\/uploads\/2020\/09\/Epi-de-Can-Rayo-en-Odena-Barcelona-2020-586x600.jpeg","keywords":["epi de can rayo","janet jackson de can rayo"],"articleSection":["Exposicions"],"inLanguage":"es-CA"},{"@type":"WebPage","@id":"https:\/\/www.canrayo.com\/exposicion-nacional-e-internacional-de-odena-barcelona-2020\/","url":"https:\/\/www.canrayo.com\/exposicion-nacional-e-internacional-de-odena-barcelona-2020\/","name":"Exposici\u00f3n nacional e internacional de \u00d2dena (Barcelona) 2020","isPartOf":{"@id":"https:\/\/www.canrayo.com\/#website"},"primaryImageOfPage":{"@id":"https:\/\/www.canrayo.com\/exposicion-nacional-e-internacional-de-odena-barcelona-2020\/#primaryimage"},"image":{"@id":"https:\/\/www.canrayo.com\/exposicion-nacional-e-internacional-de-odena-barcelona-2020\/#primaryimage"},"thumbnailUrl":"https:\/\/www.canrayo.com\/wp-content\/uploads\/2020\/09\/Epi-de-Can-Rayo-en-Odena-Barcelona-2020-586x600.jpeg","datePublished":"2020-09-21T08:17:46+00:00","dateModified":"2022-06-06T15:11:19+00:00","breadcrumb":{"@id":"https:\/\/www.canrayo.com\/exposicion-nacional-e-internacional-de-odena-barcelona-2020\/#breadcrumb"},"inLanguage":"es-CA","potentialAction":[{"@type":"ReadAction","target":["https:\/\/www.canrayo.com\/exposicion-nacional-e-internacional-de-odena-barcelona-2020\/"]}]},{"@type":"ImageObject","inLanguage":"es-CA","@id":"https:\/\/www.canrayo.com\/exposicion-nacional-e-internacional-de-odena-barcelona-2020\/#primaryimage","url":"https:\/\/www.canrayo.com\/wp-content\/uploads\/2020\/09\/Epi-de-Can-Rayo-en-Odena-Barcelona-2020-586x600.jpeg","contentUrl":"https:\/\/www.canrayo.com\/wp-content\/uploads\/2020\/09\/Epi-de-Can-Rayo-en-Odena-Barcelona-2020-586x600.jpeg"},{"@type":"BreadcrumbList","@id":"https:\/\/www.canrayo.com\/exposicion-nacional-e-internacional-de-odena-barcelona-2020\/#breadcrumb","itemListElement":[{"@type":"ListItem","position":1,"name":"Portada","item":"https:\/\/www.canrayo.com\/"},{"@type":"ListItem","position":2,"name":"Exposici\u00f3n nacional e internacional de \u00d2dena (Barcelona) 2020"}]},{"@type":"WebSite","@id":"https:\/\/www.canrayo.com\/#website","url":"https:\/\/www.canrayo.com\/","name":"Schnauzer Miniatura Negro de Can Rayo","description":"Can Rayo. Criador de Schnauzer Miniatura Negro - Afijo RSCE 528 \u2013 FCI 30\/71","publisher":{"@id":"https:\/\/www.canrayo.com\/#organization"},"potentialAction":[{"@type":"SearchAction","target":{"@type":"EntryPoint","urlTemplate":"https:\/\/www.canrayo.com\/?s={search_term_string}"},"query-input":{"@type":"PropertyValueSpecification","valueRequired":true,"valueName":"search_term_string"}}],"inLanguage":"es-CA"},{"@type":"Organization","@id":"https:\/\/www.canrayo.com\/#organization","name":"Schnauzer Miniatura Negro de Can Rayo","url":"https:\/\/www.canrayo.com\/","logo":{"@type":"ImageObject","inLanguage":"es-CA","@id":"https:\/\/www.canrayo.com\/#\/schema\/logo\/image\/","url":"https:\/\/www.canrayo.com\/wp-content\/uploads\/2022\/05\/logo-rojo-fondo-transparente.png","contentUrl":"https:\/\/www.canrayo.com\/wp-content\/uploads\/2022\/05\/logo-rojo-fondo-transparente.png","width":2272,"height":494,"caption":"Schnauzer Miniatura Negro de Can Rayo"},"image":{"@id":"https:\/\/www.canrayo.com\/#\/schema\/logo\/image\/"},"sameAs":["https:\/\/www.facebook.com\/can.rayo","https:\/\/www.instagram.com\/canrayo_schnauzer"]},{"@type":"Person","@id":"https:\/\/www.canrayo.com\/#\/schema\/person\/1b4a74e3b8495fd7dffd736a8b8f1084","name":"Can Rayo Schnauzers","image":{"@type":"ImageObject","inLanguage":"es-CA","@id":"https:\/\/secure.gravatar.com\/avatar\/b4e544f806367aab77fc59c319cc281097b1c195e40ae946ca395e2bd88cc71c?s=96&d=mm&r=g","url":"https:\/\/secure.gravatar.com\/avatar\/b4e544f806367aab77fc59c319cc281097b1c195e40ae946ca395e2bd88cc71c?s=96&d=mm&r=g","contentUrl":"https:\/\/secure.gravatar.com\/avatar\/b4e544f806367aab77fc59c319cc281097b1c195e40ae946ca395e2bd88cc71c?s=96&d=mm&r=g","caption":"Can Rayo Schnauzers"},"sameAs":["http:\/\/www.canrayo.com"],"url":"https:\/\/www.canrayo.com\/ca\/author\/canrayo\/"}]}},"_links":{"self":[{"href":"https:\/\/www.canrayo.com\/ca\/wp-json\/wp\/v2\/posts\/3520","targetHints":{"allow":["GET"]}}],"collection":[{"href":"https:\/\/www.canrayo.com\/ca\/wp-json\/wp\/v2\/posts"}],"about":[{"href":"https:\/\/www.canrayo.com\/ca\/wp-json\/wp\/v2\/types\/post"}],"author":[{"embeddable":true,"href":"https:\/\/www.canrayo.com\/ca\/wp-json\/wp\/v2\/users\/2"}],"replies":[{"embeddable":true,"href":"https:\/\/www.canrayo.com\/ca\/wp-json\/wp\/v2\/comments?post=3520"}],"version-history":[{"count":12,"href":"https:\/\/www.canrayo.com\/ca\/wp-json\/wp\/v2\/posts\/3520\/revisions"}],"predecessor-version":[{"id":3536,"href":"https:\/\/www.canrayo.com\/ca\/wp-json\/wp\/v2\/posts\/3520\/revisions\/3536"}],"wp:attachment":[{"href":"https:\/\/www.canrayo.com\/ca\/wp-json\/wp\/v2\/media?parent=3520"}],"wp:term":[{"taxonomy":"category","embeddable":true,"href":"https:\/\/www.canrayo.com\/ca\/wp-json\/wp\/v2\/categories?post=3520"},{"taxonomy":"post_tag","embeddable":true,"href":"https:\/\/www.canrayo.com\/ca\/wp-json\/wp\/v2\/tags?post=3520"}],"curies":[{"name":"wp","href":"https:\/\/api.w.org\/{rel}","templated":true}]}}