{"id":6518,"date":"2025-04-04T15:34:18","date_gmt":"2025-04-04T14:34:18","guid":{"rendered":"https:\/\/www.canrayo.com\/?p=6518"},"modified":"2025-04-18T10:43:19","modified_gmt":"2025-04-18T09:43:19","slug":"you-shine-alone-de-can-rayo-en-expos-nacional-e-internacional-de-gijon-y-monografica","status":"publish","type":"post","link":"https:\/\/www.canrayo.com\/en\/you-shine-alone-de-can-rayo-en-expos-nacional-e-internacional-de-gijon-y-monografica\/","title":{"rendered":"You Shine Alone de Can Rayo en expos nacional e internacional de Gij\u00f3n y Monogr\u00e1fica"},"content":{"rendered":"<div class=\"xdj266r x11i5rnm xat24cr x1mh8g0r x1vvkbs x126k92a\">\n<div dir=\"auto\">Informaci\u00f3n de nuestro amigo <a href=\"https:\/\/www.facebook.com\/adriano.morenorodriguez\" target=\"_blank\" rel=\"noopener\">Adriano Moreno<\/a>:<\/div>\n<div dir=\"auto\"><\/div>\n<div dir=\"auto\"><span class=\"html-span xexx8yu x4uap5 x18d9i69 xkhd6sd x1hl2dhg x16tdsg8 x1vvkbs x3nfvp2 x1j61x8r x1fcty0u xdj266r xat24cr xgzva0m xhhsvwb xxymvpz xlup9mm x1kky2od\"><img loading=\"lazy\" decoding=\"async\" height=\"16\" width=\"16\" alt=\"\" class=\"xz74otr x168nmei x13lgxp2 x5pf9jr xo71vjh\" referrerpolicy=\"origin-when-cross-origin\" src=\"https:\/\/static.xx.fbcdn.net\/images\/emoji.php\/v9\/tbe\/1\/16\/1f3c6.png\" \/><\/span> Un fin de semana de \u00e9xitos en Gij\u00f3n <span class=\"html-span xexx8yu x4uap5 x18d9i69 xkhd6sd x1hl2dhg x16tdsg8 x1vvkbs x3nfvp2 x1j61x8r x1fcty0u xdj266r xat24cr xgzva0m xhhsvwb xxymvpz xlup9mm x1kky2od\"><img loading=\"lazy\" decoding=\"async\" height=\"16\" width=\"16\" alt=\"\" class=\"xz74otr x168nmei x13lgxp2 x5pf9jr xo71vjh\" referrerpolicy=\"origin-when-cross-origin\" src=\"https:\/\/static.xx.fbcdn.net\/images\/emoji.php\/v9\/tbe\/1\/16\/1f3c6.png\" \/><\/span><\/div>\n<\/div>\n<div class=\"x11i5rnm xat24cr x1mh8g0r x1vvkbs xtlvy1s x126k92a\">\n<div dir=\"auto\">Este fin de semana hemos tenido el honor de participar en la Exposici\u00f3n Nacional e Internacional de Gij\u00f3n, obteniendo magn\u00edficos resultados con You Shine Alone de Can Rayo (Zazu):<\/div>\n<div dir=\"auto\"><a href=\"https:\/\/www.canrayo.com\/you-shine-alone-de-can-rayo-en-expos-nacional-e-internacional-de-gijon-y-monografica\/you-shine-alone-de-can-rayo-en-mejor-de-raza-en-gijon-nacional-internacional-y-monografica\/\" rel=\"attachment noopener wp-att-6522\" target=\"_blank\"><img loading=\"lazy\" decoding=\"async\" src=\"https:\/\/www.canrayo.com\/wp-content\/uploads\/2025\/04\/YOU-SHINE-ALONE-DE-CAN-RAYO-en-MEJOR-DE-RAZA-en-Gijon-nacional-internacional-y-monografica-576x600.jpg\" alt=\"\" width=\"576\" height=\"600\" class=\"aligncenter wp-image-6522 size-medium\" srcset=\"https:\/\/www.canrayo.com\/wp-content\/uploads\/2025\/04\/YOU-SHINE-ALONE-DE-CAN-RAYO-en-MEJOR-DE-RAZA-en-Gijon-nacional-internacional-y-monografica-576x600.jpg 576w, https:\/\/www.canrayo.com\/wp-content\/uploads\/2025\/04\/YOU-SHINE-ALONE-DE-CAN-RAYO-en-MEJOR-DE-RAZA-en-Gijon-nacional-internacional-y-monografica-768x800.jpg 768w, https:\/\/www.canrayo.com\/wp-content\/uploads\/2025\/04\/YOU-SHINE-ALONE-DE-CAN-RAYO-en-MEJOR-DE-RAZA-en-Gijon-nacional-internacional-y-monografica.jpg 930w\" sizes=\"auto, (max-width: 576px) 100vw, 576px\" \/><\/a><\/div>\n<\/div>\n<div class=\"x11i5rnm xat24cr x1mh8g0r x1vvkbs xtlvy1s x126k92a\">\n<h3 dir=\"auto\">Exposici\u00f3n Nacional<\/h3>\n<div dir=\"auto\"><span class=\"html-span xexx8yu x4uap5 x18d9i69 xkhd6sd x1hl2dhg x16tdsg8 x1vvkbs x3nfvp2 x1j61x8r x1fcty0u xdj266r xat24cr xgzva0m xhhsvwb xxymvpz xlup9mm x1kky2od\"><img loading=\"lazy\" decoding=\"async\" height=\"16\" width=\"16\" alt=\"\" class=\"xz74otr x168nmei x13lgxp2 x5pf9jr xo71vjh\" referrerpolicy=\"origin-when-cross-origin\" src=\"https:\/\/static.xx.fbcdn.net\/images\/emoji.php\/v9\/t3d\/1\/16\/1f3c5.png\" \/><\/span> CCJ<\/div>\n<div dir=\"auto\"><span class=\"html-span xexx8yu x4uap5 x18d9i69 xkhd6sd x1hl2dhg x16tdsg8 x1vvkbs x3nfvp2 x1j61x8r x1fcty0u xdj266r xat24cr xgzva0m xhhsvwb xxymvpz xlup9mm x1kky2od\"><img loading=\"lazy\" decoding=\"async\" height=\"16\" width=\"16\" alt=\"\" class=\"xz74otr x168nmei x13lgxp2 x5pf9jr xo71vjh\" referrerpolicy=\"origin-when-cross-origin\" src=\"https:\/\/static.xx.fbcdn.net\/images\/emoji.php\/v9\/t3d\/1\/16\/1f3c5.png\" \/><\/span> Mejor Joven<\/div>\n<div dir=\"auto\"><span class=\"html-span xexx8yu x4uap5 x18d9i69 xkhd6sd x1hl2dhg x16tdsg8 x1vvkbs x3nfvp2 x1j61x8r x1fcty0u xdj266r xat24cr xgzva0m xhhsvwb xxymvpz xlup9mm x1kky2od\"><img loading=\"lazy\" decoding=\"async\" height=\"16\" width=\"16\" alt=\"\" class=\"xz74otr x168nmei x13lgxp2 x5pf9jr xo71vjh\" referrerpolicy=\"origin-when-cross-origin\" src=\"https:\/\/static.xx.fbcdn.net\/images\/emoji.php\/v9\/t3d\/1\/16\/1f3c5.png\" \/><\/span> Mejor de Raza<\/div>\n<\/div>\n<div class=\"x11i5rnm xat24cr x1mh8g0r x1vvkbs xtlvy1s x126k92a\">\n<h3 dir=\"auto\">Exposici\u00f3n Internacional<\/h3>\n<div dir=\"auto\"><span class=\"html-span xexx8yu x4uap5 x18d9i69 xkhd6sd x1hl2dhg x16tdsg8 x1vvkbs x3nfvp2 x1j61x8r x1fcty0u xdj266r xat24cr xgzva0m xhhsvwb xxymvpz xlup9mm x1kky2od\"><img loading=\"lazy\" decoding=\"async\" height=\"16\" width=\"16\" alt=\"\" class=\"xz74otr x168nmei x13lgxp2 x5pf9jr xo71vjh\" referrerpolicy=\"origin-when-cross-origin\" src=\"https:\/\/static.xx.fbcdn.net\/images\/emoji.php\/v9\/t3d\/1\/16\/1f3c5.png\" \/><\/span> Mejor Joven<\/div>\n<div dir=\"auto\"><span class=\"html-span xexx8yu x4uap5 x18d9i69 xkhd6sd x1hl2dhg x16tdsg8 x1vvkbs x3nfvp2 x1j61x8r x1fcty0u xdj266r xat24cr xgzva0m xhhsvwb xxymvpz xlup9mm x1kky2od\"><img loading=\"lazy\" decoding=\"async\" height=\"16\" width=\"16\" alt=\"\" class=\"xz74otr x168nmei x13lgxp2 x5pf9jr xo71vjh\" referrerpolicy=\"origin-when-cross-origin\" src=\"https:\/\/static.xx.fbcdn.net\/images\/emoji.php\/v9\/t3d\/1\/16\/1f3c5.png\" \/><\/span> Mejor de Raza<\/div>\n<div dir=\"auto\"><span class=\"html-span xexx8yu x4uap5 x18d9i69 xkhd6sd x1hl2dhg x16tdsg8 x1vvkbs x3nfvp2 x1j61x8r x1fcty0u xdj266r xat24cr xgzva0m xhhsvwb xxymvpz xlup9mm x1kky2od\"><img loading=\"lazy\" decoding=\"async\" height=\"16\" width=\"16\" alt=\"\" class=\"xz74otr x168nmei x13lgxp2 x5pf9jr xo71vjh\" referrerpolicy=\"origin-when-cross-origin\" src=\"https:\/\/static.xx.fbcdn.net\/images\/emoji.php\/v9\/t3d\/1\/16\/1f3c5.png\" \/><\/span> CCJ<\/div>\n<div dir=\"auto\"><span class=\"html-span xexx8yu x4uap5 x18d9i69 xkhd6sd x1hl2dhg x16tdsg8 x1vvkbs x3nfvp2 x1j61x8r x1fcty0u xdj266r xat24cr xgzva0m xhhsvwb xxymvpz xlup9mm x1kky2od\"><img loading=\"lazy\" decoding=\"async\" height=\"16\" width=\"16\" alt=\"\" class=\"xz74otr x168nmei x13lgxp2 x5pf9jr xo71vjh\" referrerpolicy=\"origin-when-cross-origin\" src=\"https:\/\/static.xx.fbcdn.net\/images\/emoji.php\/v9\/t3d\/1\/16\/1f3c5.png\" \/><\/span> CACIB J<\/div>\n<\/div>\n<div class=\"x11i5rnm xat24cr x1mh8g0r x1vvkbs xtlvy1s x126k92a\">\n<h3 dir=\"auto\">Monogr\u00e1fica B del Club del Schnauzer y Pincher<\/h3>\n<div dir=\"auto\">Zazu brill\u00f3 una vez m\u00e1s, logrando:<\/div>\n<\/div>\n<div class=\"x11i5rnm xat24cr x1mh8g0r x1vvkbs xtlvy1s x126k92a\">\n<div dir=\"auto\"><span class=\"html-span xexx8yu x4uap5 x18d9i69 xkhd6sd x1hl2dhg x16tdsg8 x1vvkbs x3nfvp2 x1j61x8r x1fcty0u xdj266r xat24cr xgzva0m xhhsvwb xxymvpz xlup9mm x1kky2od\"><img loading=\"lazy\" decoding=\"async\" height=\"16\" width=\"16\" alt=\"\" class=\"xz74otr x168nmei x13lgxp2 x5pf9jr xo71vjh\" referrerpolicy=\"origin-when-cross-origin\" src=\"https:\/\/static.xx.fbcdn.net\/images\/emoji.php\/v9\/tbe\/1\/16\/1f3c6.png\" \/><\/span> Mejor Joven<\/div>\n<div dir=\"auto\"><span class=\"html-span xexx8yu x4uap5 x18d9i69 xkhd6sd x1hl2dhg x16tdsg8 x1vvkbs x3nfvp2 x1j61x8r x1fcty0u xdj266r xat24cr xgzva0m xhhsvwb xxymvpz xlup9mm x1kky2od\"><img loading=\"lazy\" decoding=\"async\" height=\"16\" width=\"16\" alt=\"\" class=\"xz74otr x168nmei x13lgxp2 x5pf9jr xo71vjh\" referrerpolicy=\"origin-when-cross-origin\" src=\"https:\/\/static.xx.fbcdn.net\/images\/emoji.php\/v9\/tbe\/1\/16\/1f3c6.png\" \/><\/span> Mejor de Raza<\/div>\n<div dir=\"auto\"><span class=\"html-span xexx8yu x4uap5 x18d9i69 xkhd6sd x1hl2dhg x16tdsg8 x1vvkbs x3nfvp2 x1j61x8r x1fcty0u xdj266r xat24cr xgzva0m xhhsvwb xxymvpz xlup9mm x1kky2od\"><img loading=\"lazy\" decoding=\"async\" height=\"16\" width=\"16\" alt=\"\" class=\"xz74otr x168nmei x13lgxp2 x5pf9jr xo71vjh\" referrerpolicy=\"origin-when-cross-origin\" src=\"https:\/\/static.xx.fbcdn.net\/images\/emoji.php\/v9\/tbe\/1\/16\/1f3c6.png\" \/><\/span> Best in Show Joven<\/div>\n<div dir=\"auto\"><span class=\"html-span xexx8yu x4uap5 x18d9i69 xkhd6sd x1hl2dhg x16tdsg8 x1vvkbs x3nfvp2 x1j61x8r x1fcty0u xdj266r xat24cr xgzva0m xhhsvwb xxymvpz xlup9mm x1kky2od\"><img loading=\"lazy\" decoding=\"async\" height=\"16\" width=\"16\" alt=\"\" class=\"xz74otr x168nmei x13lgxp2 x5pf9jr xo71vjh\" referrerpolicy=\"origin-when-cross-origin\" src=\"https:\/\/static.xx.fbcdn.net\/images\/emoji.php\/v9\/t96\/1\/16\/1f949.png\" \/><\/span> Tercer Best in Show en categor\u00eda abierta<\/div>\n<div dir=\"auto\"><a href=\"https:\/\/www.canrayo.com\/you-shine-alone-de-can-rayo-en-expos-nacional-e-internacional-de-gijon-y-monografica\/adriano-moreno-con-you-shine-alone-de-can-rayo-en-mejor-de-raza-en-gijon-2025\/\" rel=\"attachment noopener wp-att-6521\" target=\"_blank\"><img loading=\"lazy\" decoding=\"async\" src=\"https:\/\/www.canrayo.com\/wp-content\/uploads\/2025\/04\/Adriano-Moreno-con-YOU-SHINE-ALONE-DE-CAN-RAYO-en-MEJOR-DE-RAZA-en-Gijon-2025-576x600.jpg\" alt=\"\" width=\"576\" height=\"600\" class=\"aligncenter wp-image-6521 size-medium\" srcset=\"https:\/\/www.canrayo.com\/wp-content\/uploads\/2025\/04\/Adriano-Moreno-con-YOU-SHINE-ALONE-DE-CAN-RAYO-en-MEJOR-DE-RAZA-en-Gijon-2025-576x600.jpg 576w, https:\/\/www.canrayo.com\/wp-content\/uploads\/2025\/04\/Adriano-Moreno-con-YOU-SHINE-ALONE-DE-CAN-RAYO-en-MEJOR-DE-RAZA-en-Gijon-2025-982x1024.jpg 982w, https:\/\/www.canrayo.com\/wp-content\/uploads\/2025\/04\/Adriano-Moreno-con-YOU-SHINE-ALONE-DE-CAN-RAYO-en-MEJOR-DE-RAZA-en-Gijon-2025-768x801.jpg 768w, https:\/\/www.canrayo.com\/wp-content\/uploads\/2025\/04\/Adriano-Moreno-con-YOU-SHINE-ALONE-DE-CAN-RAYO-en-MEJOR-DE-RAZA-en-Gijon-2025.jpg 1440w\" sizes=\"auto, (max-width: 576px) 100vw, 576px\" \/><\/a><\/div>\n<\/div>\n","protected":false},"excerpt":{"rendered":"<p>Informaci\u00f3n de nuestro amigo Adriano Moreno: Un fin de semana de \u00e9xitos en Gij\u00f3n Este fin de semana hemos tenido el honor de participar en la Exposici\u00f3n Nacional e Internacional de Gij\u00f3n, obteniendo magn\u00edficos resultados con You Shine Alone de Can Rayo (Zazu): Exposici\u00f3n Nacional CCJ Mejor Joven Mejor de [&hellip;]<\/p>\n","protected":false},"author":2,"featured_media":0,"comment_status":"closed","ping_status":"closed","sticky":false,"template":"","format":"standard","meta":{"footnotes":""},"categories":[2],"tags":[119],"class_list":["post-6518","post","type-post","status-publish","format-standard","hentry","category-exposiciones","tag-you-shine-alone-de-can-rayo"],"yoast_head":"<!-- This site is optimized with the Yoast SEO plugin v27.4 - https:\/\/yoast.com\/product\/yoast-seo-wordpress\/ -->\n<title>You Shine Alone de Can Rayo en expos nacional e internacional de Gij\u00f3n y Monogr\u00e1fica<\/title>\n<meta name=\"description\" content=\"Grandes resultados del schnauzer miniatura negro You Shine Alone de Can Rayo en la Expo Nacional e Internacional de Gij\u00f3n y en la monografica del CESP\" \/>\n<meta name=\"robots\" content=\"index, follow, max-snippet:-1, max-image-preview:large, max-video-preview:-1\" \/>\n<link rel=\"canonical\" href=\"https:\/\/www.canrayo.com\/en\/you-shine-alone-de-can-rayo-en-expos-nacional-e-internacional-de-gijon-y-monografica\/\" \/>\n<meta property=\"og:locale\" content=\"en_US\" \/>\n<meta property=\"og:locale:alternate\" content=\"es_CA\" \/>\n<meta property=\"og:locale:alternate\" content=\"es_ES\" \/>\n<meta property=\"og:type\" content=\"article\" \/>\n<meta property=\"og:title\" content=\"You Shine Alone de Can Rayo en expos nacional e internacional de Gij\u00f3n y Monogr\u00e1fica\" \/>\n<meta property=\"og:description\" content=\"Grandes resultados del schnauzer miniatura negro You Shine Alone de Can Rayo en la Expo Nacional e Internacional de Gij\u00f3n y en la monografica del CESP\" \/>\n<meta property=\"og:url\" content=\"https:\/\/www.canrayo.com\/en\/you-shine-alone-de-can-rayo-en-expos-nacional-e-internacional-de-gijon-y-monografica\/\" \/>\n<meta property=\"og:site_name\" content=\"Schnauzer Miniatura Negro de Can Rayo\" \/>\n<meta property=\"article:publisher\" content=\"https:\/\/www.facebook.com\/can.rayo\" \/>\n<meta property=\"article:published_time\" content=\"2025-04-04T14:34:18+00:00\" \/>\n<meta property=\"article:modified_time\" content=\"2025-04-18T09:43:19+00:00\" \/>\n<meta property=\"og:image\" content=\"https:\/\/static.xx.fbcdn.net\/images\/emoji.php\/v9\/tbe\/1\/16\/1f3c6.png\" \/>\n<meta name=\"author\" content=\"Can Rayo Schnauzers\" \/>\n<meta name=\"twitter:card\" content=\"summary_large_image\" \/>\n<meta name=\"twitter:label1\" content=\"Written by\" \/>\n\t<meta name=\"twitter:data1\" content=\"Can Rayo Schnauzers\" \/>\n\t<meta name=\"twitter:label2\" content=\"Est. reading time\" \/>\n\t<meta name=\"twitter:data2\" content=\"4 minutes\" \/>\n<script type=\"application\/ld+json\" class=\"yoast-schema-graph\">{\"@context\":\"https:\\\/\\\/schema.org\",\"@graph\":[{\"@type\":\"Article\",\"@id\":\"https:\\\/\\\/www.canrayo.com\\\/you-shine-alone-de-can-rayo-en-expos-nacional-e-internacional-de-gijon-y-monografica\\\/#article\",\"isPartOf\":{\"@id\":\"https:\\\/\\\/www.canrayo.com\\\/you-shine-alone-de-can-rayo-en-expos-nacional-e-internacional-de-gijon-y-monografica\\\/\"},\"author\":{\"name\":\"Can Rayo Schnauzers\",\"@id\":\"https:\\\/\\\/www.canrayo.com\\\/#\\\/schema\\\/person\\\/1b4a74e3b8495fd7dffd736a8b8f1084\"},\"headline\":\"You Shine Alone de Can Rayo en expos nacional e internacional de Gij\u00f3n y Monogr\u00e1fica\",\"datePublished\":\"2025-04-04T14:34:18+00:00\",\"dateModified\":\"2025-04-18T09:43:19+00:00\",\"mainEntityOfPage\":{\"@id\":\"https:\\\/\\\/www.canrayo.com\\\/you-shine-alone-de-can-rayo-en-expos-nacional-e-internacional-de-gijon-y-monografica\\\/\"},\"wordCount\":120,\"publisher\":{\"@id\":\"https:\\\/\\\/www.canrayo.com\\\/#organization\"},\"image\":{\"@id\":\"https:\\\/\\\/www.canrayo.com\\\/you-shine-alone-de-can-rayo-en-expos-nacional-e-internacional-de-gijon-y-monografica\\\/#primaryimage\"},\"thumbnailUrl\":\"https:\\\/\\\/static.xx.fbcdn.net\\\/images\\\/emoji.php\\\/v9\\\/tbe\\\/1\\\/16\\\/1f3c6.png\",\"keywords\":[\"You Shine Alone de Can Rayo\"],\"articleSection\":[\"Dog Shows\"],\"inLanguage\":\"en-US\"},{\"@type\":\"WebPage\",\"@id\":\"https:\\\/\\\/www.canrayo.com\\\/you-shine-alone-de-can-rayo-en-expos-nacional-e-internacional-de-gijon-y-monografica\\\/\",\"url\":\"https:\\\/\\\/www.canrayo.com\\\/you-shine-alone-de-can-rayo-en-expos-nacional-e-internacional-de-gijon-y-monografica\\\/\",\"name\":\"You Shine Alone de Can Rayo en expos nacional e internacional de Gij\u00f3n y Monogr\u00e1fica\",\"isPartOf\":{\"@id\":\"https:\\\/\\\/www.canrayo.com\\\/#website\"},\"primaryImageOfPage\":{\"@id\":\"https:\\\/\\\/www.canrayo.com\\\/you-shine-alone-de-can-rayo-en-expos-nacional-e-internacional-de-gijon-y-monografica\\\/#primaryimage\"},\"image\":{\"@id\":\"https:\\\/\\\/www.canrayo.com\\\/you-shine-alone-de-can-rayo-en-expos-nacional-e-internacional-de-gijon-y-monografica\\\/#primaryimage\"},\"thumbnailUrl\":\"https:\\\/\\\/static.xx.fbcdn.net\\\/images\\\/emoji.php\\\/v9\\\/tbe\\\/1\\\/16\\\/1f3c6.png\",\"datePublished\":\"2025-04-04T14:34:18+00:00\",\"dateModified\":\"2025-04-18T09:43:19+00:00\",\"description\":\"Grandes resultados del schnauzer miniatura negro You Shine Alone de Can Rayo en la Expo Nacional e Internacional de Gij\u00f3n y en la monografica del CESP\",\"breadcrumb\":{\"@id\":\"https:\\\/\\\/www.canrayo.com\\\/you-shine-alone-de-can-rayo-en-expos-nacional-e-internacional-de-gijon-y-monografica\\\/#breadcrumb\"},\"inLanguage\":\"en-US\",\"potentialAction\":[{\"@type\":\"ReadAction\",\"target\":[\"https:\\\/\\\/www.canrayo.com\\\/you-shine-alone-de-can-rayo-en-expos-nacional-e-internacional-de-gijon-y-monografica\\\/\"]}]},{\"@type\":\"ImageObject\",\"inLanguage\":\"en-US\",\"@id\":\"https:\\\/\\\/www.canrayo.com\\\/you-shine-alone-de-can-rayo-en-expos-nacional-e-internacional-de-gijon-y-monografica\\\/#primaryimage\",\"url\":\"https:\\\/\\\/static.xx.fbcdn.net\\\/images\\\/emoji.php\\\/v9\\\/tbe\\\/1\\\/16\\\/1f3c6.png\",\"contentUrl\":\"https:\\\/\\\/static.xx.fbcdn.net\\\/images\\\/emoji.php\\\/v9\\\/tbe\\\/1\\\/16\\\/1f3c6.png\"},{\"@type\":\"BreadcrumbList\",\"@id\":\"https:\\\/\\\/www.canrayo.com\\\/you-shine-alone-de-can-rayo-en-expos-nacional-e-internacional-de-gijon-y-monografica\\\/#breadcrumb\",\"itemListElement\":[{\"@type\":\"ListItem\",\"position\":1,\"name\":\"Portada\",\"item\":\"https:\\\/\\\/www.canrayo.com\\\/\"},{\"@type\":\"ListItem\",\"position\":2,\"name\":\"You Shine Alone de Can Rayo en expos nacional e internacional de Gij\u00f3n y Monogr\u00e1fica\"}]},{\"@type\":\"WebSite\",\"@id\":\"https:\\\/\\\/www.canrayo.com\\\/#website\",\"url\":\"https:\\\/\\\/www.canrayo.com\\\/\",\"name\":\"Schnauzer Miniatura Negro de Can Rayo\",\"description\":\"Can Rayo. Criador de Schnauzer Miniatura Negro - Afijo RSCE 528 \u2013 FCI 30\\\/71\",\"publisher\":{\"@id\":\"https:\\\/\\\/www.canrayo.com\\\/#organization\"},\"potentialAction\":[{\"@type\":\"SearchAction\",\"target\":{\"@type\":\"EntryPoint\",\"urlTemplate\":\"https:\\\/\\\/www.canrayo.com\\\/?s={search_term_string}\"},\"query-input\":{\"@type\":\"PropertyValueSpecification\",\"valueRequired\":true,\"valueName\":\"search_term_string\"}}],\"inLanguage\":\"en-US\"},{\"@type\":\"Organization\",\"@id\":\"https:\\\/\\\/www.canrayo.com\\\/#organization\",\"name\":\"Schnauzer Miniatura Negro de Can Rayo\",\"url\":\"https:\\\/\\\/www.canrayo.com\\\/\",\"logo\":{\"@type\":\"ImageObject\",\"inLanguage\":\"en-US\",\"@id\":\"https:\\\/\\\/www.canrayo.com\\\/#\\\/schema\\\/logo\\\/image\\\/\",\"url\":\"https:\\\/\\\/www.canrayo.com\\\/wp-content\\\/uploads\\\/2022\\\/05\\\/logo-rojo-fondo-transparente.png\",\"contentUrl\":\"https:\\\/\\\/www.canrayo.com\\\/wp-content\\\/uploads\\\/2022\\\/05\\\/logo-rojo-fondo-transparente.png\",\"width\":2272,\"height\":494,\"caption\":\"Schnauzer Miniatura Negro de Can Rayo\"},\"image\":{\"@id\":\"https:\\\/\\\/www.canrayo.com\\\/#\\\/schema\\\/logo\\\/image\\\/\"},\"sameAs\":[\"https:\\\/\\\/www.facebook.com\\\/can.rayo\",\"https:\\\/\\\/www.instagram.com\\\/canrayo_schnauzer\"]},{\"@type\":\"Person\",\"@id\":\"https:\\\/\\\/www.canrayo.com\\\/#\\\/schema\\\/person\\\/1b4a74e3b8495fd7dffd736a8b8f1084\",\"name\":\"Can Rayo Schnauzers\",\"image\":{\"@type\":\"ImageObject\",\"inLanguage\":\"en-US\",\"@id\":\"https:\\\/\\\/secure.gravatar.com\\\/avatar\\\/b4e544f806367aab77fc59c319cc281097b1c195e40ae946ca395e2bd88cc71c?s=96&d=mm&r=g\",\"url\":\"https:\\\/\\\/secure.gravatar.com\\\/avatar\\\/b4e544f806367aab77fc59c319cc281097b1c195e40ae946ca395e2bd88cc71c?s=96&d=mm&r=g\",\"contentUrl\":\"https:\\\/\\\/secure.gravatar.com\\\/avatar\\\/b4e544f806367aab77fc59c319cc281097b1c195e40ae946ca395e2bd88cc71c?s=96&d=mm&r=g\",\"caption\":\"Can Rayo Schnauzers\"},\"sameAs\":[\"http:\\\/\\\/www.canrayo.com\"],\"url\":\"https:\\\/\\\/www.canrayo.com\\\/en\\\/author\\\/canrayo\\\/\"}]}<\/script>\n<!-- \/ Yoast SEO plugin. -->","yoast_head_json":{"title":"You Shine Alone de Can Rayo en expos nacional e internacional de Gij\u00f3n y Monogr\u00e1fica","description":"Grandes resultados del schnauzer miniatura negro You Shine Alone de Can Rayo en la Expo Nacional e Internacional de Gij\u00f3n y en la monografica del CESP","robots":{"index":"index","follow":"follow","max-snippet":"max-snippet:-1","max-image-preview":"max-image-preview:large","max-video-preview":"max-video-preview:-1"},"canonical":"https:\/\/www.canrayo.com\/en\/you-shine-alone-de-can-rayo-en-expos-nacional-e-internacional-de-gijon-y-monografica\/","og_locale":"en_US","og_type":"article","og_title":"[:es]You Shine Alone de Can Rayo en expos nacional e internacional de Gij\u00f3n y Monogr\u00e1fica[:] - Schnauzer Miniatura Negro de Can Rayo","og_description":"[:es]Grandes resultados del schnauzer miniatura negro You Shine Alone de Can Rayo en la Expo Nacional e Internacional de Gij\u00f3n y en la monografica del CESP[:]","og_url":"https:\/\/www.canrayo.com\/en\/you-shine-alone-de-can-rayo-en-expos-nacional-e-internacional-de-gijon-y-monografica\/","og_site_name":"Schnauzer Miniatura Negro de Can Rayo","article_publisher":"https:\/\/www.facebook.com\/can.rayo","article_published_time":"2025-04-04T14:34:18+00:00","article_modified_time":"2025-04-18T09:43:19+00:00","og_image":[{"url":"https:\/\/static.xx.fbcdn.net\/images\/emoji.php\/v9\/tbe\/1\/16\/1f3c6.png","type":"","width":"","height":""}],"author":"Can Rayo Schnauzers","twitter_card":"summary_large_image","twitter_misc":{"Written by":"Can Rayo Schnauzers","Est. reading time":"4 minutes"},"schema":{"@context":"https:\/\/schema.org","@graph":[{"@type":"Article","@id":"https:\/\/www.canrayo.com\/you-shine-alone-de-can-rayo-en-expos-nacional-e-internacional-de-gijon-y-monografica\/#article","isPartOf":{"@id":"https:\/\/www.canrayo.com\/you-shine-alone-de-can-rayo-en-expos-nacional-e-internacional-de-gijon-y-monografica\/"},"author":{"name":"Can Rayo Schnauzers","@id":"https:\/\/www.canrayo.com\/#\/schema\/person\/1b4a74e3b8495fd7dffd736a8b8f1084"},"headline":"You Shine Alone de Can Rayo en expos nacional e internacional de Gij\u00f3n y Monogr\u00e1fica","datePublished":"2025-04-04T14:34:18+00:00","dateModified":"2025-04-18T09:43:19+00:00","mainEntityOfPage":{"@id":"https:\/\/www.canrayo.com\/you-shine-alone-de-can-rayo-en-expos-nacional-e-internacional-de-gijon-y-monografica\/"},"wordCount":120,"publisher":{"@id":"https:\/\/www.canrayo.com\/#organization"},"image":{"@id":"https:\/\/www.canrayo.com\/you-shine-alone-de-can-rayo-en-expos-nacional-e-internacional-de-gijon-y-monografica\/#primaryimage"},"thumbnailUrl":"https:\/\/static.xx.fbcdn.net\/images\/emoji.php\/v9\/tbe\/1\/16\/1f3c6.png","keywords":["You Shine Alone de Can Rayo"],"articleSection":["Dog Shows"],"inLanguage":"en-US"},{"@type":"WebPage","@id":"https:\/\/www.canrayo.com\/you-shine-alone-de-can-rayo-en-expos-nacional-e-internacional-de-gijon-y-monografica\/","url":"https:\/\/www.canrayo.com\/you-shine-alone-de-can-rayo-en-expos-nacional-e-internacional-de-gijon-y-monografica\/","name":"You Shine Alone de Can Rayo en expos nacional e internacional de Gij\u00f3n y Monogr\u00e1fica","isPartOf":{"@id":"https:\/\/www.canrayo.com\/#website"},"primaryImageOfPage":{"@id":"https:\/\/www.canrayo.com\/you-shine-alone-de-can-rayo-en-expos-nacional-e-internacional-de-gijon-y-monografica\/#primaryimage"},"image":{"@id":"https:\/\/www.canrayo.com\/you-shine-alone-de-can-rayo-en-expos-nacional-e-internacional-de-gijon-y-monografica\/#primaryimage"},"thumbnailUrl":"https:\/\/static.xx.fbcdn.net\/images\/emoji.php\/v9\/tbe\/1\/16\/1f3c6.png","datePublished":"2025-04-04T14:34:18+00:00","dateModified":"2025-04-18T09:43:19+00:00","description":"Grandes resultados del schnauzer miniatura negro You Shine Alone de Can Rayo en la Expo Nacional e Internacional de Gij\u00f3n y en la monografica del CESP","breadcrumb":{"@id":"https:\/\/www.canrayo.com\/you-shine-alone-de-can-rayo-en-expos-nacional-e-internacional-de-gijon-y-monografica\/#breadcrumb"},"inLanguage":"en-US","potentialAction":[{"@type":"ReadAction","target":["https:\/\/www.canrayo.com\/you-shine-alone-de-can-rayo-en-expos-nacional-e-internacional-de-gijon-y-monografica\/"]}]},{"@type":"ImageObject","inLanguage":"en-US","@id":"https:\/\/www.canrayo.com\/you-shine-alone-de-can-rayo-en-expos-nacional-e-internacional-de-gijon-y-monografica\/#primaryimage","url":"https:\/\/static.xx.fbcdn.net\/images\/emoji.php\/v9\/tbe\/1\/16\/1f3c6.png","contentUrl":"https:\/\/static.xx.fbcdn.net\/images\/emoji.php\/v9\/tbe\/1\/16\/1f3c6.png"},{"@type":"BreadcrumbList","@id":"https:\/\/www.canrayo.com\/you-shine-alone-de-can-rayo-en-expos-nacional-e-internacional-de-gijon-y-monografica\/#breadcrumb","itemListElement":[{"@type":"ListItem","position":1,"name":"Portada","item":"https:\/\/www.canrayo.com\/"},{"@type":"ListItem","position":2,"name":"You Shine Alone de Can Rayo en expos nacional e internacional de Gij\u00f3n y Monogr\u00e1fica"}]},{"@type":"WebSite","@id":"https:\/\/www.canrayo.com\/#website","url":"https:\/\/www.canrayo.com\/","name":"Schnauzer Miniatura Negro de Can Rayo","description":"Can Rayo. Criador de Schnauzer Miniatura Negro - Afijo RSCE 528 \u2013 FCI 30\/71","publisher":{"@id":"https:\/\/www.canrayo.com\/#organization"},"potentialAction":[{"@type":"SearchAction","target":{"@type":"EntryPoint","urlTemplate":"https:\/\/www.canrayo.com\/?s={search_term_string}"},"query-input":{"@type":"PropertyValueSpecification","valueRequired":true,"valueName":"search_term_string"}}],"inLanguage":"en-US"},{"@type":"Organization","@id":"https:\/\/www.canrayo.com\/#organization","name":"Schnauzer Miniatura Negro de Can Rayo","url":"https:\/\/www.canrayo.com\/","logo":{"@type":"ImageObject","inLanguage":"en-US","@id":"https:\/\/www.canrayo.com\/#\/schema\/logo\/image\/","url":"https:\/\/www.canrayo.com\/wp-content\/uploads\/2022\/05\/logo-rojo-fondo-transparente.png","contentUrl":"https:\/\/www.canrayo.com\/wp-content\/uploads\/2022\/05\/logo-rojo-fondo-transparente.png","width":2272,"height":494,"caption":"Schnauzer Miniatura Negro de Can Rayo"},"image":{"@id":"https:\/\/www.canrayo.com\/#\/schema\/logo\/image\/"},"sameAs":["https:\/\/www.facebook.com\/can.rayo","https:\/\/www.instagram.com\/canrayo_schnauzer"]},{"@type":"Person","@id":"https:\/\/www.canrayo.com\/#\/schema\/person\/1b4a74e3b8495fd7dffd736a8b8f1084","name":"Can Rayo Schnauzers","image":{"@type":"ImageObject","inLanguage":"en-US","@id":"https:\/\/secure.gravatar.com\/avatar\/b4e544f806367aab77fc59c319cc281097b1c195e40ae946ca395e2bd88cc71c?s=96&d=mm&r=g","url":"https:\/\/secure.gravatar.com\/avatar\/b4e544f806367aab77fc59c319cc281097b1c195e40ae946ca395e2bd88cc71c?s=96&d=mm&r=g","contentUrl":"https:\/\/secure.gravatar.com\/avatar\/b4e544f806367aab77fc59c319cc281097b1c195e40ae946ca395e2bd88cc71c?s=96&d=mm&r=g","caption":"Can Rayo Schnauzers"},"sameAs":["http:\/\/www.canrayo.com"],"url":"https:\/\/www.canrayo.com\/en\/author\/canrayo\/"}]}},"_links":{"self":[{"href":"https:\/\/www.canrayo.com\/en\/wp-json\/wp\/v2\/posts\/6518","targetHints":{"allow":["GET"]}}],"collection":[{"href":"https:\/\/www.canrayo.com\/en\/wp-json\/wp\/v2\/posts"}],"about":[{"href":"https:\/\/www.canrayo.com\/en\/wp-json\/wp\/v2\/types\/post"}],"author":[{"embeddable":true,"href":"https:\/\/www.canrayo.com\/en\/wp-json\/wp\/v2\/users\/2"}],"replies":[{"embeddable":true,"href":"https:\/\/www.canrayo.com\/en\/wp-json\/wp\/v2\/comments?post=6518"}],"version-history":[{"count":4,"href":"https:\/\/www.canrayo.com\/en\/wp-json\/wp\/v2\/posts\/6518\/revisions"}],"predecessor-version":[{"id":6524,"href":"https:\/\/www.canrayo.com\/en\/wp-json\/wp\/v2\/posts\/6518\/revisions\/6524"}],"wp:attachment":[{"href":"https:\/\/www.canrayo.com\/en\/wp-json\/wp\/v2\/media?parent=6518"}],"wp:term":[{"taxonomy":"category","embeddable":true,"href":"https:\/\/www.canrayo.com\/en\/wp-json\/wp\/v2\/categories?post=6518"},{"taxonomy":"post_tag","embeddable":true,"href":"https:\/\/www.canrayo.com\/en\/wp-json\/wp\/v2\/tags?post=6518"}],"curies":[{"name":"wp","href":"https:\/\/api.w.org\/{rel}","templated":true}]}}